{"id":278,"date":"2021-03-04T17:35:12","date_gmt":"2021-03-04T16:35:12","guid":{"rendered":"https:\/\/lumenetspes.com\/?p=278"},"modified":"2024-03-18T12:14:35","modified_gmt":"2024-03-18T11:14:35","slug":"walne-zebranie-czlonkow-stowarzyszenia-w-2021-r","status":"publish","type":"post","link":"https:\/\/lumenetspes.com\/?p=278","title":{"rendered":"Walne Zebranie Cz\u0142onk\u00f3w Stowarzyszenia w 2021 r."},"content":{"rendered":"<p><span class=\"im\">Zarz\u0105d Rzeszowskiego Stowarzyszenia Dziedzictwo Jana Paw\u0142a II Lumen et\u00a0 Spes zaprasza na Walne Zebranie Cz\u0142onk\u00f3w Stowarzyszenia z udzia\u0142em Jego\u00a0Ekscelencji Ksi\u0119dza Biskupa Jana W\u0105troby, kt\u00f3re odb\u0119dzie si\u0119 w\u00a0<\/span> Instytucie Teologiczno-Pastoralnym w Rzeszowie, ul. Witolda 11a, dnia 17\u00a0marca 2021 r. o godzinie 14:00. W przypadku braku kworum, drugie\u00a0<span class=\"im\">Zebranie odb\u0119dzie si\u0119 tego samego dnia, o godz. 14:30.<\/span><\/p>\n<p>Planowany porz\u0105dek obrad:<br \/>\n1.\u00a0 \u00a0 \u00a0 Otwarcie obrad.<br \/>\n2.\u00a0 \u00a0 \u00a0 Wyb\u00f3r Przewodnicz\u0105cego i Sekretarza Walnego Zebrania.<br \/>\n3.\u00a0 \u00a0 \u00a0 Przyj\u0119cie porz\u0105dku obrad.<br \/>\n4.\u00a0 \u00a0 \u00a0 Sprawozdanie z dzia\u0142alno\u015bci Zarz\u0105du za rok 2020.<br \/>\n5.\u00a0 \u00a0 \u00a0 Sprawozdanie finansowe za rok 2020.<br \/>\n6.\u00a0 \u00a0 \u00a0 Sprawozdania z dzia\u0142alno\u015bci Komisji Rewizyjnej za rok 2020.<br \/>\n7.\u00a0 \u00a0 \u00a0 Podj\u0119cie uchwa\u0142.<br \/>\n8.\u00a0 \u00a0 \u00a0 Przedstawienie plan\u00f3w dzia\u0142ania Zarz\u0105du na rok 2021.<br \/>\n9.\u00a0 \u00a0 \u00a0 Uhonorowanie os\u00f3b szczeg\u00f3lnie zas\u0142u\u017conych w dzia\u0142alno\u015bci Stowarzyszenia.<span class=\"im\"><br \/>\n10.\u00a0 \u00a0 \u00a0Wolne wnioski.<br \/>\n11.\u00a0 \u00a0 \u00a0Zako\u0144czenie spotkania.<\/span><\/p>\n<p>W czasie Walnego Zebrania Cz\u0142onk\u00f3w Stowarzyszenia istnieje mo\u017cliwo\u015b\u0107\u00a0 uregulowania sk\u0142adek cz\u0142onkowskich.<\/p>\n","protected":false},"excerpt":{"rendered":"<p>Zarz\u0105d Rzeszowskiego Stowarzyszenia Dziedzictwo Jana Paw\u0142a II Lumen et\u00a0 Spes zaprasza na Walne Zebranie Cz\u0142onk\u00f3w Stowarzyszenia z udzia\u0142em Jego\u00a0Ekscelencji Ksi\u0119dza Biskupa Jana W\u0105troby, kt\u00f3re odb\u0119dzie si\u0119 w\u00a0 Instytucie Teologiczno-Pastoralnym w Rzeszowie, ul. Witolda 11a, dnia 17\u00a0marca 2021 r. o godzinie&hellip; <a class=\"continue\" href=\"https:\/\/lumenetspes.com\/?p=278\">Czytaj wi\u0119cej<span> Walne Zebranie Cz\u0142onk\u00f3w Stowarzyszenia w 2021 r.<\/span><\/a><\/p>\n","protected":false},"author":1,"featured_media":42,"comment_status":"closed","ping_status":"open","sticky":false,"template":"","format":"standard","meta":{"footnotes":""},"categories":[1],"tags":[],"_links":{"self":[{"href":"https:\/\/lumenetspes.com\/index.php?rest_route=\/wp\/v2\/posts\/278"}],"collection":[{"href":"https:\/\/lumenetspes.com\/index.php?rest_route=\/wp\/v2\/posts"}],"about":[{"href":"https:\/\/lumenetspes.com\/index.php?rest_route=\/wp\/v2\/types\/post"}],"author":[{"embeddable":true,"href":"https:\/\/lumenetspes.com\/index.php?rest_route=\/wp\/v2\/users\/1"}],"replies":[{"embeddable":true,"href":"https:\/\/lumenetspes.com\/index.php?rest_route=%2Fwp%2Fv2%2Fcomments&post=278"}],"version-history":[{"count":3,"href":"https:\/\/lumenetspes.com\/index.php?rest_route=\/wp\/v2\/posts\/278\/revisions"}],"predecessor-version":[{"id":415,"href":"https:\/\/lumenetspes.com\/index.php?rest_route=\/wp\/v2\/posts\/278\/revisions\/415"}],"wp:featuredmedia":[{"embeddable":true,"href":"https:\/\/lumenetspes.com\/index.php?rest_route=\/wp\/v2\/media\/42"}],"wp:attachment":[{"href":"https:\/\/lumenetspes.com\/index.php?rest_route=%2Fwp%2Fv2%2Fmedia&parent=278"}],"wp:term":[{"taxonomy":"category","embeddable":true,"href":"https:\/\/lumenetspes.com\/index.php?rest_route=%2Fwp%2Fv2%2Fcategories&post=278"},{"taxonomy":"post_tag","embeddable":true,"href":"https:\/\/lumenetspes.com\/index.php?rest_route=%2Fwp%2Fv2%2Ftags&post=278"}],"curies":[{"name":"wp","href":"https:\/\/api.w.org\/{rel}","templated":true}]}}