{"id":275,"date":"2020-06-04T10:34:56","date_gmt":"2020-06-04T08:34:56","guid":{"rendered":"https:\/\/lumenetspes.com\/?p=275"},"modified":"2024-03-18T12:14:35","modified_gmt":"2024-03-18T11:14:35","slug":"walne-zebranie-czlonkow-stowarzyszenia-26-06-2020","status":"publish","type":"post","link":"https:\/\/lumenetspes.com\/?p=275","title":{"rendered":"Walne Zebranie Cz\u0142onk\u00f3w Stowarzyszenia 26.06.2020"},"content":{"rendered":"<p>Szanowni Pa\u0144stwo,<\/p>\n<p>Zarz\u0105d Rzeszowskiego Stowarzyszenia Dziedzictwo Jana Paw\u0142a II Lumen et Spes zaprasza na Walne Zebranie Cz\u0142onk\u00f3w Stowarzyszenia z udzia\u0142em Jego Ekscelencji Ksi\u0119dza Biskupa Jana W\u0105troby, kt\u00f3re odb\u0119dzie si\u0119 w Instytucie Teologiczno-Pastoralnym w Rzeszowie, ul. Witolda 11a, dnia 26 czerwca 2020 r. o godzinie 14:00. W przypadku braku kworum, drugie Zebranie odb\u0119dzie si\u0119 tego samego dnia, o godz. 14:30.<\/p>\n<p>Planowany porz\u0105dek obrad:<\/p>\n<ol>\n<li>\u00a0 Otwarcie obrad.<\/li>\n<li>\u00a0 Wyb\u00f3r Przewodnicz\u0105cego i Sekretarza Walnego Zebrania.<\/li>\n<li>\u00a0 Przyj\u0119cie porz\u0105dku obrad.<\/li>\n<li>\u00a0 Sprawozdanie z dzia\u0142alno\u015bci Zarz\u0105du za rok 2019.<\/li>\n<li>\u00a0 Sprawozdanie finansowe za rok 2019.<\/li>\n<li>\u00a0 Sprawozdania z dzia\u0142alno\u015bci Komisji Rewizyjnej za rok 2019.<\/li>\n<li>\u00a0 Podj\u0119cie uchwa\u0142.<\/li>\n<li>\u00a0 Przedstawienie plan\u00f3w dzia\u0142ania Zarz\u0105du na rok 2020.<\/li>\n<li>\u00a0 Sprawozdanie z realizacji aktualnych inwestycji w Parku \u00a0Papieskim.<\/li>\n<li>\u00a0 Wolne wnioski.<\/li>\n<li>\u00a0 Zako\u0144czenie spotkania.<\/li>\n<\/ol>\n<p>W czasie Walnego Zebrania Cz\u0142onk\u00f3w Stowarzyszenia istnieje mo\u017cliwo\u015b\u0107 uregulowania sk\u0142adek cz\u0142onkowskich.<\/p>\n<p>W imieniu Zarz\u0105du Stowarzyszenia serdecznie zapraszam.<\/p>\n<p>Z wyrazami szacunku<\/p>\n<p>Przewodnicz\u0105cy Zarz\u0105du Stowarzyszenia<\/p>\n<p>Andrzej Sobkowiak<\/p>\n","protected":false},"excerpt":{"rendered":"<p>Szanowni Pa\u0144stwo, Zarz\u0105d Rzeszowskiego Stowarzyszenia Dziedzictwo Jana Paw\u0142a II Lumen et Spes zaprasza na Walne Zebranie Cz\u0142onk\u00f3w Stowarzyszenia z udzia\u0142em Jego Ekscelencji Ksi\u0119dza Biskupa Jana W\u0105troby, kt\u00f3re odb\u0119dzie si\u0119 w Instytucie Teologiczno-Pastoralnym w Rzeszowie, ul. Witolda 11a, dnia 26 czerwca&hellip; <a class=\"continue\" href=\"https:\/\/lumenetspes.com\/?p=275\">Czytaj wi\u0119cej<span> Walne Zebranie Cz\u0142onk\u00f3w Stowarzyszenia 26.06.2020<\/span><\/a><\/p>\n","protected":false},"author":1,"featured_media":293,"comment_status":"closed","ping_status":"open","sticky":false,"template":"","format":"standard","meta":{"footnotes":""},"categories":[1],"tags":[],"_links":{"self":[{"href":"https:\/\/lumenetspes.com\/index.php?rest_route=\/wp\/v2\/posts\/275"}],"collection":[{"href":"https:\/\/lumenetspes.com\/index.php?rest_route=\/wp\/v2\/posts"}],"about":[{"href":"https:\/\/lumenetspes.com\/index.php?rest_route=\/wp\/v2\/types\/post"}],"author":[{"embeddable":true,"href":"https:\/\/lumenetspes.com\/index.php?rest_route=\/wp\/v2\/users\/1"}],"replies":[{"embeddable":true,"href":"https:\/\/lumenetspes.com\/index.php?rest_route=%2Fwp%2Fv2%2Fcomments&post=275"}],"version-history":[{"count":2,"href":"https:\/\/lumenetspes.com\/index.php?rest_route=\/wp\/v2\/posts\/275\/revisions"}],"predecessor-version":[{"id":413,"href":"https:\/\/lumenetspes.com\/index.php?rest_route=\/wp\/v2\/posts\/275\/revisions\/413"}],"wp:featuredmedia":[{"embeddable":true,"href":"https:\/\/lumenetspes.com\/index.php?rest_route=\/wp\/v2\/media\/293"}],"wp:attachment":[{"href":"https:\/\/lumenetspes.com\/index.php?rest_route=%2Fwp%2Fv2%2Fmedia&parent=275"}],"wp:term":[{"taxonomy":"category","embeddable":true,"href":"https:\/\/lumenetspes.com\/index.php?rest_route=%2Fwp%2Fv2%2Fcategories&post=275"},{"taxonomy":"post_tag","embeddable":true,"href":"https:\/\/lumenetspes.com\/index.php?rest_route=%2Fwp%2Fv2%2Ftags&post=275"}],"curies":[{"name":"wp","href":"https:\/\/api.w.org\/{rel}","templated":true}]}}